{"id":589,"date":"2025-02-05T23:03:44","date_gmt":"2025-02-05T23:03:44","guid":{"rendered":"https:\/\/ivu.ro\/blog\/?p=589"},"modified":"2025-03-08T13:43:23","modified_gmt":"2025-03-08T13:43:23","slug":"cand-se-sterg-punctele-de-penalizare-si-ce-trebuie-sa-faca-soferii-timp-de-6-luni","status":"publish","type":"post","link":"https:\/\/ivu.ro\/blog\/cand-se-sterg-punctele-de-penalizare-si-ce-trebuie-sa-faca-soferii-timp-de-6-luni\/","title":{"rendered":"Cand se sterg punctele de penalizare si ce trebuie sa faca soferii timp de 6 luni?"},"content":{"rendered":"<p>Punctele de penalizare sunt sanc\u021biuni aplicate \u0219oferilor care \u00eencalc\u0103 regulile de circula\u021bie \u00een Rom\u00e2nia. Acestea pot afecta istoricul de conducere \u0219i pot duce la suspendarea permisului de conducere dac\u0103 se acumuleaz\u0103 un num\u0103r semnificativ. \u00cen acest articol, vom explica c\u00e2nd se \u0219terg punctele de penalizare, cum le po\u021bi anula \u0219i ce trebuie s\u0103 faci pentru a le elimina.\u00cen situa\u021bia in care a fost depus\u0103 pl\u00e2ngere \u00eempotriva procesului-verbal de constatare \u0219i sanc\u021bionare a contraven\u021biei prin care au fost aplicate oricare dintre punctele de penalizare care conduc la realizarea cumulului de 15 puncte, curgerea termenului de anulare se suspend\u0103 de drept pentru toate punctele de penalizare care \u00eel alc\u0103tuiesc, de la data \u00eenregistr\u0103rii acestei pl\u00e2ngeri la instan\u021ba de judecat\u0103 p\u00e2n\u0103 la data r\u0103m\u00e2nerii definitive a hot\u0103r\u00e2rii judec\u0103tore\u0219ti prin care instan\u021ba a respins pl\u00e2ngerea contraven\u021bional\u0103 sau a admis-o \u00een parte, men\u021bin\u00e2nd sanc\u021biunea contraven\u021bional\u0103 complementar\u0103 aplicat\u0103.<\/p>\n<h2>La c\u00e2te puncte se suspend\u0103 permisul auto?<\/h2>\n<p>La acumularea a 15 puncte de\u00a0penalizare, permisul de conducere va fi suspendat automat. Dac\u0103 e prima dat\u0103 c\u00e2nd se \u00eent\u00e2mpl\u0103 asta, atunci perioada de suspendare va fi de 30 de zile.<\/p>\n<p>Dac\u0103, \u00eens\u0103, e pentru a doua oar\u0103 \u00een decurs de un an c\u00e2nd acumulezi 15 puncte, suspendarea se dubleaz\u0103. Ceea ce \u00eenseamn\u0103 c\u0103 r\u0103m\u00e2i f\u0103r\u0103 permis timp de 60 de zile.ATENTIE!Perioada de suspendare se calculeaz\u0103 din momentul \u00een care este predat permisul. Iar \u0219oferii au la dispozi\u021bie 5 zile pentru a preda permisul, din momentul \u00een care au fost \u00een\u0219tiin\u021ba\u021bi. Dac\u0103 nu se \u00eencadreaz\u0103 \u00een acest termen, perioada de suspendare\u00a0a carnetului va fi majorat\u0103 cu 30 de zile.<\/p>\n<h2>C\u00e2nd se \u0219terg punctele de penalizare?<\/h2>\n<p>Punctele de penalizare se anuleaz\u0103 automat la 6 luni de la data aplic\u0103rii sanc\u021biunii. De exemplu:<\/p>\n<ul>\n<li>Dac\u0103 ai primit 2 puncte de penalizare pe 1 februarie, acestea vor fi anulate la sf\u00e2r\u0219itul lunii iulie.<\/li>\n<li>Dac\u0103 ai primit 6 puncte de penalizare pe 15 aprilie, acestea vor fi anulate la jum\u0103tatea lunii octombrie.<\/li>\n<\/ul>\n<p>Este important de men\u021bionat c\u0103 procesul de anulare se desf\u0103\u0219oar\u0103 automat, f\u0103r\u0103 a necesita interven\u021bia ta<\/p>\n<h2>Cum po\u021bi anula punctele de penalizare?<\/h2>\n<p>\u00cen afar\u0103 de anularea automat\u0103 dup\u0103 6 luni, exist\u0103 \u0219i alte modalit\u0103\u021bi prin care po\u021bi reduce sau anula punctele de penalizare:<\/p>\n<p><strong>Participarea la cursuri de educa\u021bie rutier\u0103<\/strong>:<\/p>\n<ul>\n<li>\u0218oferii pot participa la cursuri de educa\u021bie rutier\u0103 organizate de \u0219colile autorizate de Ministerul Transporturilor \u0219i Infrastructurii sau de alte institu\u021bii abilitate.<\/li>\n<li>Aceste cursuri pot fi obligatorii sau op\u021bionale, \u00een func\u021bie de num\u0103rul de puncte acumulate \u0219i de gravitatea contraven\u021biei<\/li>\n<\/ul>\n<p><strong>Verificarea punctelor acumulate<\/strong>:<\/p>\n<ul>\n<li>Pentru a afla c\u00e2te puncte de penalizare ai acumulat, po\u021bi depune o cerere la Brigada Rutier\u0103, conform prevederilor articolului 208 din OUG 195\/2002.<\/li>\n<li>R\u0103spunsul poate fi ob\u021binut imediat la ghi\u0219eu sau \u00een cel mult 30 de zile de la depunerea solicit\u0103rii.<\/li>\n<\/ul>\n<h2>Puncte de penalizare,cum le obtinem?<\/h2>\n<p>Punctele de penalizare sunt aplicate de autorit\u0103\u021bile rutiere \u0219oferilor care \u00eencalc\u0103 legisla\u021bia rutier\u0103. Acestea fac parte din sistemul de sanc\u021bionare al Codului Rutier \u0219i au scopul de a descuraja comportamentele periculoase pe drumurile publice. \u00cen func\u021bie de gravitatea contraven\u021biei, \u0219oferii pot acumula un anumit num\u0103r de puncte.<\/p>\n<p><em><strong>In cele ce urmeaza am facut o clasificare cu numarul de puncte pe care le primim in functie de fapta.<\/strong><\/em><\/p>\n<p><strong>2 puncte de penalizare<\/strong><\/p>\n<ol>\n<li>folosirea incorect\u0103 a luminilor de drum la \u00eent\u00e2lnirea cu un autovehicul care circul\u0103 din sens opus;<\/li>\n<li>folosirea telefoanelor mobile \u00een timpul conducerii, cu excep\u021bia celor prev\u0103zute cu dispozitive de tip \u201em\u00e2ini libere\u201d;<\/li>\n<li>lipsa centurii de siguran\u021b\u0103;<\/li>\n<li>dep\u0103\u0219irea cu 11-20\u00a0km\/h\u00a0a vitezei admise;<\/li>\n<li>circula\u021bia pe un sector de drum pe care accesul este interzis;<\/li>\n<li>nerespectarea regulilor privind manevra de \u00eentoarcere, mersul \u00eenapoi, schimbarea benzii sau a direc\u021biei de mers;<\/li>\n<li>nerespectarea obliga\u021biei de a folosi luminile de \u00eent\u00e2lnire \u0219i pe timpul zilei;<\/li>\n<li>sta\u021bionarea neregulamentar\u0103;<\/li>\n<li>refuzul \u00eenm\u00e2n\u0103rii actelor poli\u021bistului, precum \u0219i refuzul de a permite verificarea vehiculului;<\/li>\n<\/ol>\n<p><strong>3 puncte de penalizare<\/strong><\/p>\n<ol>\n<li>oprirea nejustificat\u0103\u00a0;<\/li>\n<li>circula\u021bia pe band\u0103 de urgen\u021b\u0103 a autostr\u0103zilor\u00a0;<\/li>\n<li>dep\u0103\u0219irea cu 21-30 km\/h a vitezei admise;<\/li>\n<li>nerespectarea regulilor privind manevra de \u00eentoarcere, mersul \u00eenapoi, schimbarea benzii de circula\u021bie sau a direc\u021biei de mers;<\/li>\n<li>nep\u0103strarea unei distan\u021be corespunz\u0103toare fa\u021b\u0103 de vehiculul care \u00eel precede;<\/li>\n<li>nerespectarea semnifica\u021biei indicatorului \u201eocolire\u201d, instalat pe refugiul sta\u021biilor de tramvai;<\/li>\n<li>p\u0103trunderea \u00eentr-o intersec\u021bie atunci c\u00e2nd circula\u021bia \u00een interiorul acesteia este blocat\u0103;<\/li>\n<li>nerespectarea condi\u021biilor privind transportarea copiilor minori;<\/li>\n<\/ol>\n<p><strong>4 puncte de penalizare<\/strong><\/p>\n<ol>\n<li>nerespectarea obliga\u021biilor \u00een cazul vehiculelor r\u0103mase \u00een pan\u0103 sau avariate;<\/li>\n<li>nerespectarea semnifica\u021biei indicatorului \u201eSTOP\u201d;<\/li>\n<li>dep\u0103\u0219irea cu 31-40 km\/h a vitezei admise;<\/li>\n<li>circula\u021bia \u00een timpul nop\u021bii sau ziua, pe timp de cea\u021b\u0103, ninsoare abundent\u0103 sau ploaie toren\u021bial\u0103, cu un autovehicul f\u0103r\u0103 lumini sau f\u0103r\u0103 semnalizare;<\/li>\n<li>conducerea unui autovehicul f\u0103r\u0103 certificate de \u00eenmatriculare;<\/li>\n<li>conducerea autovehiculului pe spa\u021biul destinat circula\u021biei tramvaiului c\u00e2nd drumul e prev\u0103zut cu mai multe benzi;<\/li>\n<\/ol>\n<p><strong>6 puncte de penalizare<\/strong><\/p>\n<ol>\n<li>refuzul de a permite imobilizarea vehiculului \/ verific\u0103rii tehnice;<\/li>\n<li>nerespectarea semnalelor agentilor de cale ferat\u0103\u00a0;<\/li>\n<li>dep\u0103\u0219irea cu 41-50 km\/h a vitezei admise;<\/li>\n<li>conducerea unui vehicul care nu are montat\u0103 una dintre pl\u0103cu\u021bele cu num\u0103rul de \u00eenmatriculare, sau cu pl\u0103cu\u021ba de \u00eenmatriculare a\u0219ezat\u0103 \u00een alt loc dec\u00e2t \u00een cel omologat;<\/li>\n<li>circula\u021bia sau sta\u021bionarea pe spa\u021biul interzis;<\/li>\n<li>sta\u021bionarea ori parcarea autovehiculelor pe autostrad\u0103, \u00een alte locuri dec\u00e2t cele special amenajate \u0219i semnalizate;<\/li>\n<li>executarea pe autostrad\u0103 a manevrei de \u00eentoarcere sau de mers \u00eenapoi;<\/li>\n<li>nerespectarea semnifica\u021biei indicatoarelor:\n<ul>\n<li>Trecere la nivel cu o cale ferat\u0103 simpl\u0103, f\u0103r\u0103 bariere<\/li>\n<li>Trecere la nivel cu o cale ferat\u0103 dubl\u0103, f\u0103r\u0103 bariere<\/li>\n<li>Oprire instalat\u0103 la trecerea la nivel cu o cale ferata;<\/li>\n<\/ul>\n<\/li>\n<li>schimbarea direc\u021biei de mers dac\u0103 se \u00eencalc\u0103 marcajul longitudinal continuu care separ\u0103 sensurile de circula\u021bie;<\/li>\n<li>p\u0103trunderea \u00eentr-o intersec\u021bie dirijat\u0103 prin semafoare, dac\u0103 prin aceasta se produce blocarea circula\u021biei;<\/li>\n<\/ol>\n","protected":false},"excerpt":{"rendered":"<p>Punctele de penalizare sunt sanc\u021biuni aplicate \u0219oferilor care \u00eencalc\u0103 regulile de circula\u021bie \u00een Rom\u00e2nia. Acestea pot afecta istoricul de conducere \u0219i pot duce la suspendarea permisului de conducere dac\u0103 se acumuleaz\u0103 un num\u0103r semnificativ. \u00cen acest articol, vom explica c\u00e2nd se \u0219terg punctele de penalizare, cum le po\u021bi anula \u0219i ce trebuie s\u0103 faci pentru [&hellip;]<\/p>\n","protected":false},"author":1,"featured_media":590,"comment_status":"closed","ping_status":"open","sticky":false,"template":"","format":"standard","meta":{"footnotes":""},"categories":[2],"tags":[],"class_list":["post-589","post","type-post","status-publish","format-standard","has-post-thumbnail","hentry","category-auto"],"yoast_head":"<!-- This site is optimized with the Yoast SEO plugin v27.4 - https:\/\/yoast.com\/product\/yoast-seo-wordpress\/ -->\n<title>Cand se sterg punctele de penalizare si ce trebuie sa faca soferii timp de 6 luni? - Blog IVU.ro<\/title>\n<meta name=\"robots\" content=\"index, follow, max-snippet:-1, max-image-preview:large, max-video-preview:-1\" \/>\n<link rel=\"canonical\" href=\"https:\/\/ivu.ro\/blog\/cand-se-sterg-punctele-de-penalizare-si-ce-trebuie-sa-faca-soferii-timp-de-6-luni\/\" \/>\n<meta property=\"og:locale\" content=\"ro_RO\" \/>\n<meta property=\"og:type\" content=\"article\" \/>\n<meta property=\"og:title\" content=\"Cand se sterg punctele de penalizare si ce trebuie sa faca soferii timp de 6 luni? - Blog IVU.ro\" \/>\n<meta property=\"og:description\" content=\"Punctele de penalizare sunt sanc\u021biuni aplicate \u0219oferilor care \u00eencalc\u0103 regulile de circula\u021bie \u00een Rom\u00e2nia. Acestea pot afecta istoricul de conducere \u0219i pot duce la suspendarea permisului de conducere dac\u0103 se acumuleaz\u0103 un num\u0103r semnificativ. \u00cen acest articol, vom explica c\u00e2nd se \u0219terg punctele de penalizare, cum le po\u021bi anula \u0219i ce trebuie s\u0103 faci pentru [&hellip;]\" \/>\n<meta property=\"og:url\" content=\"https:\/\/ivu.ro\/blog\/cand-se-sterg-punctele-de-penalizare-si-ce-trebuie-sa-faca-soferii-timp-de-6-luni\/\" \/>\n<meta property=\"og:site_name\" content=\"Blog IVU.ro\" \/>\n<meta property=\"article:publisher\" content=\"https:\/\/www.facebook.com\/ivu.ro\" \/>\n<meta property=\"article:published_time\" content=\"2025-02-05T23:03:44+00:00\" \/>\n<meta property=\"article:modified_time\" content=\"2025-03-08T13:43:23+00:00\" \/>\n<meta property=\"og:image\" content=\"https:\/\/ivu.ro\/blog\/wp-content\/uploads\/2025\/02\/Cand-se-sterg-punctele-de-penalizare-si-ce-trebuie-sa-faca-soferii-timp-de-6-luni.png\" \/>\n\t<meta property=\"og:image:width\" content=\"1000\" \/>\n\t<meta property=\"og:image:height\" content=\"800\" \/>\n\t<meta property=\"og:image:type\" content=\"image\/png\" \/>\n<meta name=\"author\" content=\"ivu.ro\" \/>\n<meta name=\"twitter:card\" content=\"summary_large_image\" \/>\n<meta name=\"twitter:label1\" content=\"Scris de\" \/>\n\t<meta name=\"twitter:data1\" content=\"ivu.ro\" \/>\n\t<meta name=\"twitter:label2\" content=\"Timp estimat pentru citire\" \/>\n\t<meta name=\"twitter:data2\" content=\"6 minute\" \/>\n<script type=\"application\/ld+json\" class=\"yoast-schema-graph\">{\"@context\":\"https:\\\/\\\/schema.org\",\"@graph\":[{\"@type\":\"Article\",\"@id\":\"https:\\\/\\\/ivu.ro\\\/blog\\\/cand-se-sterg-punctele-de-penalizare-si-ce-trebuie-sa-faca-soferii-timp-de-6-luni\\\/#article\",\"isPartOf\":{\"@id\":\"https:\\\/\\\/ivu.ro\\\/blog\\\/cand-se-sterg-punctele-de-penalizare-si-ce-trebuie-sa-faca-soferii-timp-de-6-luni\\\/\"},\"author\":{\"name\":\"ivu.ro\",\"@id\":\"https:\\\/\\\/ivu.ro\\\/blog\\\/#\\\/schema\\\/person\\\/92baae77f0998110c6e28defffdb7399\"},\"headline\":\"Cand se sterg punctele de penalizare si ce trebuie sa faca soferii timp de 6 luni?\",\"datePublished\":\"2025-02-05T23:03:44+00:00\",\"dateModified\":\"2025-03-08T13:43:23+00:00\",\"mainEntityOfPage\":{\"@id\":\"https:\\\/\\\/ivu.ro\\\/blog\\\/cand-se-sterg-punctele-de-penalizare-si-ce-trebuie-sa-faca-soferii-timp-de-6-luni\\\/\"},\"wordCount\":1049,\"image\":{\"@id\":\"https:\\\/\\\/ivu.ro\\\/blog\\\/cand-se-sterg-punctele-de-penalizare-si-ce-trebuie-sa-faca-soferii-timp-de-6-luni\\\/#primaryimage\"},\"thumbnailUrl\":\"https:\\\/\\\/ivu.ro\\\/blog\\\/wp-content\\\/uploads\\\/2025\\\/02\\\/Cand-se-sterg-punctele-de-penalizare-si-ce-trebuie-sa-faca-soferii-timp-de-6-luni.png\",\"articleSection\":[\"Auto\"],\"inLanguage\":\"ro-RO\"},{\"@type\":\"WebPage\",\"@id\":\"https:\\\/\\\/ivu.ro\\\/blog\\\/cand-se-sterg-punctele-de-penalizare-si-ce-trebuie-sa-faca-soferii-timp-de-6-luni\\\/\",\"url\":\"https:\\\/\\\/ivu.ro\\\/blog\\\/cand-se-sterg-punctele-de-penalizare-si-ce-trebuie-sa-faca-soferii-timp-de-6-luni\\\/\",\"name\":\"Cand se sterg punctele de penalizare si ce trebuie sa faca soferii timp de 6 luni? - Blog IVU.ro\",\"isPartOf\":{\"@id\":\"https:\\\/\\\/ivu.ro\\\/blog\\\/#website\"},\"primaryImageOfPage\":{\"@id\":\"https:\\\/\\\/ivu.ro\\\/blog\\\/cand-se-sterg-punctele-de-penalizare-si-ce-trebuie-sa-faca-soferii-timp-de-6-luni\\\/#primaryimage\"},\"image\":{\"@id\":\"https:\\\/\\\/ivu.ro\\\/blog\\\/cand-se-sterg-punctele-de-penalizare-si-ce-trebuie-sa-faca-soferii-timp-de-6-luni\\\/#primaryimage\"},\"thumbnailUrl\":\"https:\\\/\\\/ivu.ro\\\/blog\\\/wp-content\\\/uploads\\\/2025\\\/02\\\/Cand-se-sterg-punctele-de-penalizare-si-ce-trebuie-sa-faca-soferii-timp-de-6-luni.png\",\"datePublished\":\"2025-02-05T23:03:44+00:00\",\"dateModified\":\"2025-03-08T13:43:23+00:00\",\"author\":{\"@id\":\"https:\\\/\\\/ivu.ro\\\/blog\\\/#\\\/schema\\\/person\\\/92baae77f0998110c6e28defffdb7399\"},\"breadcrumb\":{\"@id\":\"https:\\\/\\\/ivu.ro\\\/blog\\\/cand-se-sterg-punctele-de-penalizare-si-ce-trebuie-sa-faca-soferii-timp-de-6-luni\\\/#breadcrumb\"},\"inLanguage\":\"ro-RO\",\"potentialAction\":[{\"@type\":\"ReadAction\",\"target\":[\"https:\\\/\\\/ivu.ro\\\/blog\\\/cand-se-sterg-punctele-de-penalizare-si-ce-trebuie-sa-faca-soferii-timp-de-6-luni\\\/\"]}]},{\"@type\":\"ImageObject\",\"inLanguage\":\"ro-RO\",\"@id\":\"https:\\\/\\\/ivu.ro\\\/blog\\\/cand-se-sterg-punctele-de-penalizare-si-ce-trebuie-sa-faca-soferii-timp-de-6-luni\\\/#primaryimage\",\"url\":\"https:\\\/\\\/ivu.ro\\\/blog\\\/wp-content\\\/uploads\\\/2025\\\/02\\\/Cand-se-sterg-punctele-de-penalizare-si-ce-trebuie-sa-faca-soferii-timp-de-6-luni.png\",\"contentUrl\":\"https:\\\/\\\/ivu.ro\\\/blog\\\/wp-content\\\/uploads\\\/2025\\\/02\\\/Cand-se-sterg-punctele-de-penalizare-si-ce-trebuie-sa-faca-soferii-timp-de-6-luni.png\",\"width\":1000,\"height\":800},{\"@type\":\"BreadcrumbList\",\"@id\":\"https:\\\/\\\/ivu.ro\\\/blog\\\/cand-se-sterg-punctele-de-penalizare-si-ce-trebuie-sa-faca-soferii-timp-de-6-luni\\\/#breadcrumb\",\"itemListElement\":[{\"@type\":\"ListItem\",\"position\":1,\"name\":\"Home\",\"item\":\"https:\\\/\\\/ivu.ro\\\/blog\\\/\"},{\"@type\":\"ListItem\",\"position\":2,\"name\":\"Cand se sterg punctele de penalizare si ce trebuie sa faca soferii timp de 6 luni?\"}]},{\"@type\":\"WebSite\",\"@id\":\"https:\\\/\\\/ivu.ro\\\/blog\\\/#website\",\"url\":\"https:\\\/\\\/ivu.ro\\\/blog\\\/\",\"name\":\"Blog IVU.ro\",\"description\":\"\",\"potentialAction\":[{\"@type\":\"SearchAction\",\"target\":{\"@type\":\"EntryPoint\",\"urlTemplate\":\"https:\\\/\\\/ivu.ro\\\/blog\\\/?s={search_term_string}\"},\"query-input\":{\"@type\":\"PropertyValueSpecification\",\"valueRequired\":true,\"valueName\":\"search_term_string\"}}],\"inLanguage\":\"ro-RO\"},{\"@type\":\"Person\",\"@id\":\"https:\\\/\\\/ivu.ro\\\/blog\\\/#\\\/schema\\\/person\\\/92baae77f0998110c6e28defffdb7399\",\"name\":\"ivu.ro\",\"image\":{\"@type\":\"ImageObject\",\"inLanguage\":\"ro-RO\",\"@id\":\"https:\\\/\\\/secure.gravatar.com\\\/avatar\\\/5ef4587bf8798224e3072d0f1c98c418cbd67e584d658818df4251cb905d5b59?s=96&d=mm&r=g\",\"url\":\"https:\\\/\\\/secure.gravatar.com\\\/avatar\\\/5ef4587bf8798224e3072d0f1c98c418cbd67e584d658818df4251cb905d5b59?s=96&d=mm&r=g\",\"contentUrl\":\"https:\\\/\\\/secure.gravatar.com\\\/avatar\\\/5ef4587bf8798224e3072d0f1c98c418cbd67e584d658818df4251cb905d5b59?s=96&d=mm&r=g\",\"caption\":\"ivu.ro\"},\"sameAs\":[\"https:\\\/\\\/ivu.ro\\\/blog\"]}]}<\/script>\n<!-- \/ Yoast SEO plugin. -->","yoast_head_json":{"title":"Cand se sterg punctele de penalizare si ce trebuie sa faca soferii timp de 6 luni? - Blog IVU.ro","robots":{"index":"index","follow":"follow","max-snippet":"max-snippet:-1","max-image-preview":"max-image-preview:large","max-video-preview":"max-video-preview:-1"},"canonical":"https:\/\/ivu.ro\/blog\/cand-se-sterg-punctele-de-penalizare-si-ce-trebuie-sa-faca-soferii-timp-de-6-luni\/","og_locale":"ro_RO","og_type":"article","og_title":"Cand se sterg punctele de penalizare si ce trebuie sa faca soferii timp de 6 luni? - Blog IVU.ro","og_description":"Punctele de penalizare sunt sanc\u021biuni aplicate \u0219oferilor care \u00eencalc\u0103 regulile de circula\u021bie \u00een Rom\u00e2nia. Acestea pot afecta istoricul de conducere \u0219i pot duce la suspendarea permisului de conducere dac\u0103 se acumuleaz\u0103 un num\u0103r semnificativ. \u00cen acest articol, vom explica c\u00e2nd se \u0219terg punctele de penalizare, cum le po\u021bi anula \u0219i ce trebuie s\u0103 faci pentru [&hellip;]","og_url":"https:\/\/ivu.ro\/blog\/cand-se-sterg-punctele-de-penalizare-si-ce-trebuie-sa-faca-soferii-timp-de-6-luni\/","og_site_name":"Blog IVU.ro","article_publisher":"https:\/\/www.facebook.com\/ivu.ro","article_published_time":"2025-02-05T23:03:44+00:00","article_modified_time":"2025-03-08T13:43:23+00:00","og_image":[{"width":1000,"height":800,"url":"https:\/\/ivu.ro\/blog\/wp-content\/uploads\/2025\/02\/Cand-se-sterg-punctele-de-penalizare-si-ce-trebuie-sa-faca-soferii-timp-de-6-luni.png","type":"image\/png"}],"author":"ivu.ro","twitter_card":"summary_large_image","twitter_misc":{"Scris de":"ivu.ro","Timp estimat pentru citire":"6 minute"},"schema":{"@context":"https:\/\/schema.org","@graph":[{"@type":"Article","@id":"https:\/\/ivu.ro\/blog\/cand-se-sterg-punctele-de-penalizare-si-ce-trebuie-sa-faca-soferii-timp-de-6-luni\/#article","isPartOf":{"@id":"https:\/\/ivu.ro\/blog\/cand-se-sterg-punctele-de-penalizare-si-ce-trebuie-sa-faca-soferii-timp-de-6-luni\/"},"author":{"name":"ivu.ro","@id":"https:\/\/ivu.ro\/blog\/#\/schema\/person\/92baae77f0998110c6e28defffdb7399"},"headline":"Cand se sterg punctele de penalizare si ce trebuie sa faca soferii timp de 6 luni?","datePublished":"2025-02-05T23:03:44+00:00","dateModified":"2025-03-08T13:43:23+00:00","mainEntityOfPage":{"@id":"https:\/\/ivu.ro\/blog\/cand-se-sterg-punctele-de-penalizare-si-ce-trebuie-sa-faca-soferii-timp-de-6-luni\/"},"wordCount":1049,"image":{"@id":"https:\/\/ivu.ro\/blog\/cand-se-sterg-punctele-de-penalizare-si-ce-trebuie-sa-faca-soferii-timp-de-6-luni\/#primaryimage"},"thumbnailUrl":"https:\/\/ivu.ro\/blog\/wp-content\/uploads\/2025\/02\/Cand-se-sterg-punctele-de-penalizare-si-ce-trebuie-sa-faca-soferii-timp-de-6-luni.png","articleSection":["Auto"],"inLanguage":"ro-RO"},{"@type":"WebPage","@id":"https:\/\/ivu.ro\/blog\/cand-se-sterg-punctele-de-penalizare-si-ce-trebuie-sa-faca-soferii-timp-de-6-luni\/","url":"https:\/\/ivu.ro\/blog\/cand-se-sterg-punctele-de-penalizare-si-ce-trebuie-sa-faca-soferii-timp-de-6-luni\/","name":"Cand se sterg punctele de penalizare si ce trebuie sa faca soferii timp de 6 luni? - Blog IVU.ro","isPartOf":{"@id":"https:\/\/ivu.ro\/blog\/#website"},"primaryImageOfPage":{"@id":"https:\/\/ivu.ro\/blog\/cand-se-sterg-punctele-de-penalizare-si-ce-trebuie-sa-faca-soferii-timp-de-6-luni\/#primaryimage"},"image":{"@id":"https:\/\/ivu.ro\/blog\/cand-se-sterg-punctele-de-penalizare-si-ce-trebuie-sa-faca-soferii-timp-de-6-luni\/#primaryimage"},"thumbnailUrl":"https:\/\/ivu.ro\/blog\/wp-content\/uploads\/2025\/02\/Cand-se-sterg-punctele-de-penalizare-si-ce-trebuie-sa-faca-soferii-timp-de-6-luni.png","datePublished":"2025-02-05T23:03:44+00:00","dateModified":"2025-03-08T13:43:23+00:00","author":{"@id":"https:\/\/ivu.ro\/blog\/#\/schema\/person\/92baae77f0998110c6e28defffdb7399"},"breadcrumb":{"@id":"https:\/\/ivu.ro\/blog\/cand-se-sterg-punctele-de-penalizare-si-ce-trebuie-sa-faca-soferii-timp-de-6-luni\/#breadcrumb"},"inLanguage":"ro-RO","potentialAction":[{"@type":"ReadAction","target":["https:\/\/ivu.ro\/blog\/cand-se-sterg-punctele-de-penalizare-si-ce-trebuie-sa-faca-soferii-timp-de-6-luni\/"]}]},{"@type":"ImageObject","inLanguage":"ro-RO","@id":"https:\/\/ivu.ro\/blog\/cand-se-sterg-punctele-de-penalizare-si-ce-trebuie-sa-faca-soferii-timp-de-6-luni\/#primaryimage","url":"https:\/\/ivu.ro\/blog\/wp-content\/uploads\/2025\/02\/Cand-se-sterg-punctele-de-penalizare-si-ce-trebuie-sa-faca-soferii-timp-de-6-luni.png","contentUrl":"https:\/\/ivu.ro\/blog\/wp-content\/uploads\/2025\/02\/Cand-se-sterg-punctele-de-penalizare-si-ce-trebuie-sa-faca-soferii-timp-de-6-luni.png","width":1000,"height":800},{"@type":"BreadcrumbList","@id":"https:\/\/ivu.ro\/blog\/cand-se-sterg-punctele-de-penalizare-si-ce-trebuie-sa-faca-soferii-timp-de-6-luni\/#breadcrumb","itemListElement":[{"@type":"ListItem","position":1,"name":"Home","item":"https:\/\/ivu.ro\/blog\/"},{"@type":"ListItem","position":2,"name":"Cand se sterg punctele de penalizare si ce trebuie sa faca soferii timp de 6 luni?"}]},{"@type":"WebSite","@id":"https:\/\/ivu.ro\/blog\/#website","url":"https:\/\/ivu.ro\/blog\/","name":"Blog IVU.ro","description":"","potentialAction":[{"@type":"SearchAction","target":{"@type":"EntryPoint","urlTemplate":"https:\/\/ivu.ro\/blog\/?s={search_term_string}"},"query-input":{"@type":"PropertyValueSpecification","valueRequired":true,"valueName":"search_term_string"}}],"inLanguage":"ro-RO"},{"@type":"Person","@id":"https:\/\/ivu.ro\/blog\/#\/schema\/person\/92baae77f0998110c6e28defffdb7399","name":"ivu.ro","image":{"@type":"ImageObject","inLanguage":"ro-RO","@id":"https:\/\/secure.gravatar.com\/avatar\/5ef4587bf8798224e3072d0f1c98c418cbd67e584d658818df4251cb905d5b59?s=96&d=mm&r=g","url":"https:\/\/secure.gravatar.com\/avatar\/5ef4587bf8798224e3072d0f1c98c418cbd67e584d658818df4251cb905d5b59?s=96&d=mm&r=g","contentUrl":"https:\/\/secure.gravatar.com\/avatar\/5ef4587bf8798224e3072d0f1c98c418cbd67e584d658818df4251cb905d5b59?s=96&d=mm&r=g","caption":"ivu.ro"},"sameAs":["https:\/\/ivu.ro\/blog"]}]}},"_links":{"self":[{"href":"https:\/\/ivu.ro\/blog\/wp-json\/wp\/v2\/posts\/589","targetHints":{"allow":["GET"]}}],"collection":[{"href":"https:\/\/ivu.ro\/blog\/wp-json\/wp\/v2\/posts"}],"about":[{"href":"https:\/\/ivu.ro\/blog\/wp-json\/wp\/v2\/types\/post"}],"author":[{"embeddable":true,"href":"https:\/\/ivu.ro\/blog\/wp-json\/wp\/v2\/users\/1"}],"replies":[{"embeddable":true,"href":"https:\/\/ivu.ro\/blog\/wp-json\/wp\/v2\/comments?post=589"}],"version-history":[{"count":7,"href":"https:\/\/ivu.ro\/blog\/wp-json\/wp\/v2\/posts\/589\/revisions"}],"predecessor-version":[{"id":682,"href":"https:\/\/ivu.ro\/blog\/wp-json\/wp\/v2\/posts\/589\/revisions\/682"}],"wp:featuredmedia":[{"embeddable":true,"href":"https:\/\/ivu.ro\/blog\/wp-json\/wp\/v2\/media\/590"}],"wp:attachment":[{"href":"https:\/\/ivu.ro\/blog\/wp-json\/wp\/v2\/media?parent=589"}],"wp:term":[{"taxonomy":"category","embeddable":true,"href":"https:\/\/ivu.ro\/blog\/wp-json\/wp\/v2\/categories?post=589"},{"taxonomy":"post_tag","embeddable":true,"href":"https:\/\/ivu.ro\/blog\/wp-json\/wp\/v2\/tags?post=589"}],"curies":[{"name":"wp","href":"https:\/\/api.w.org\/{rel}","templated":true}]}}